{"id":8907,"global_id":"neurocenter-unige.ch\/fr\/?id=8907","global_id_lineage":["neurocenter-unige.ch\/fr\/?id=8907"],"author":"1","status":"publish","date":"2021-01-05 05:24:14","date_utc":"2021-01-05 04:24:14","modified":"2021-01-06 05:24:41","modified_utc":"2021-01-06 04:24:41","url":"https:\/\/neurocenter-unige.ch\/fr\/agenda\/fatigue-apres-une-lesion-cerebrale\/","rest_url":"https:\/\/neurocenter-unige.ch\/fr\/wp-json\/tribe\/events\/v1\/events\/8907","title":"Fatigue apr\u00e8s une l\u00e9sion c\u00e9r\u00e9brale","description":"<p>Formation destin\u00e9e aux personnes qui exercent leur activit\u00e9 professionnelle dans le domaine de la sant\u00e9.<\/p>","excerpt":"","slug":"fatigue-apres-une-lesion-cerebrale","image":false,"all_day":false,"start_date":"2021-01-06 08:00:00","start_date_details":{"year":"2021","month":"01","day":"06","hour":"08","minutes":"00","seconds":"00"},"end_date":"2021-01-06 09:00:00","end_date_details":{"year":"2021","month":"01","day":"06","hour":"09","minutes":"00","seconds":"00"},"utc_start_date":"2021-01-06 07:00:00","utc_start_date_details":{"year":"2021","month":"01","day":"06","hour":"07","minutes":"00","seconds":"00"},"utc_end_date":"2021-01-06 08:00:00","utc_end_date_details":{"year":"2021","month":"01","day":"06","hour":"08","minutes":"00","seconds":"00"},"timezone":"Europe\/Zurich","timezone_abbr":"CET","cost":"","cost_details":{"currency_symbol":"","currency_position":"","values":[]},"website":"http:\/\/agenda.unige.ch\/events\/view\/30005","show_map":false,"show_map_link":false,"hide_from_listings":false,"sticky":false,"featured":false,"categories":[{"name":"Training","slug":"training","term_group":0,"term_taxonomy_id":505,"taxonomy":"tribe_events_cat","description":"","parent":0,"count":15,"filter":"raw","id":505,"urls":{"self":"https:\/\/neurocenter-unige.ch\/fr\/wp-json\/tribe\/events\/v1\/categories\/505","collection":"https:\/\/neurocenter-unige.ch\/fr\/wp-json\/tribe\/events\/v1\/categories"}}],"tags":[],"venue":{"id":8906,"status":"publish","date":"2021-01-05 05:24:13","date_utc":"2021-01-05 04:24:13","modified":"2021-01-05 05:24:13","modified_utc":"2021-01-05 04:24:13","url":"https:\/\/neurocenter-unige.ch\/venue\/hopital-beau-sejourpavillon-louis-xvi-grande-salle-de-coursav-de-beau-sejour-261206-geneve\/","venue":"H\u00f4pital Beau-S\u00e9jour\nPavillon Louis XVI &#8211; grande salle de cours\nAv. de Beau-S\u00e9jour 26\n1206 Gen\u00e8ve","slug":"hopital-beau-sejourpavillon-louis-xvi-grande-salle-de-coursav-de-beau-sejour-261206-geneve","json_ld":{"@type":"Place","name":"H\u00f4pital Beau-S\u00e9jour\\nPavillon Louis XVI &#8211; grande salle de cours\\nAv. de Beau-S\u00e9jour 26\\n1206 Gen\u00e8ve","description":"","url":"https:\/\/neurocenter-unige.ch\/venue\/hopital-beau-sejourpavillon-louis-xvi-grande-salle-de-coursav-de-beau-sejour-261206-geneve\/","address":{"@type":"PostalAddress"},"telephone":"","sameAs":""},"show_map":false,"show_map_link":false,"global_id":"neurocenter-unige.ch\/fr\/?id=8906","global_id_lineage":["neurocenter-unige.ch\/fr\/?id=8906"]},"organizer":[],"json_ld":{"@context":"http:\/\/schema.org","@type":"Event","name":"Fatigue apr\u00e8s une l\u00e9sion c\u00e9r\u00e9brale","description":"&lt;p&gt;Formation destin\u00e9e aux personnes qui exercent leur activit\u00e9 professionnelle dans le domaine de la sant\u00e9.&lt;\/p&gt;\\n","url":"https:\/\/neurocenter-unige.ch\/fr\/agenda\/fatigue-apres-une-lesion-cerebrale\/","startDate":"2021-01-06T08:00:00+01:00","endDate":"2021-01-06T09:00:00+01:00","location":{"@type":"Place","name":"H\u00f4pital Beau-S\u00e9jour\\nPavillon Louis XVI &#8211; grande salle de cours\\nAv. de Beau-S\u00e9jour 26\\n1206 Gen\u00e8ve","description":"","url":"https:\/\/neurocenter-unige.ch\/venue\/hopital-beau-sejourpavillon-louis-xvi-grande-salle-de-coursav-de-beau-sejour-261206-geneve\/","address":{"@type":"PostalAddress"},"telephone":"","sameAs":""},"performer":"Organization"}}